{"id":1588,"date":"2024-10-20T00:44:01","date_gmt":"2024-10-19T22:44:01","guid":{"rendered":"https:\/\/www.ff-matzing.at\/?p=1588"},"modified":"2024-10-20T00:44:03","modified_gmt":"2024-10-19T22:44:03","slug":"atemschutzsektoruebung-in-jagern","status":"publish","type":"post","link":"https:\/\/www.ff-matzing.at\/?p=1588","title":{"rendered":"Atemschutzsektor\u00fcbung in Jagern"},"content":{"rendered":"\n<p>Diesen Herbst durften wir die Sektor\u00fcbung des Fachbereichs Atemschutz austragen. Hierbei bilden die Feuerwehren Enzenkirchen, St. Willibald, Altschwendt, Raab, Steinbruck-Br\u00fcndl und Matzing einen Sektor f\u00fcr gemeinsame Ausbildungs- und \u00dcbungsschwerpunkte.<\/p>\n\n\n\n<p>Am 18. Oktober haben sich folglich 15 Trupps zur \u00dcbung am Firmengel\u00e4nde der Fa. Hauer eingefunden. Es wurden zwei Hallenabschnitte kr\u00e4ftig vernebelt, um realistische und erschwerte Bedingungen zu simulieren. Den Trupps wurden verschiedene Aufgaben gestellt: Brandbek\u00e4mpfung, Personenrettung und Bergung von Gefahrstoffen. Die Szenarien wurden unter Beobachtung von Abschnitts-Fachbeauftragtem Christian Kohlbauer und Einsatzleiter Simon Reitinger erfolgreich abgearbeitet.<\/p>\n\n\n\n<p>Nach der Abschlussbesprechung waren alle Teilnehmer zu einer St\u00e4rkung im Feuerwehrhaus eingeladen. Wir bedanken uns bei der Fa. Hauer f\u00fcr die Bereitstellung des \u00dcbungsgel\u00e4ndes, bei den vier Statisten f\u00fcr die Opferrolle und vor allem bei Gerald Diesenberger f\u00fcr die Organisation der Sektor\u00fcbung.<\/p>\n\n\n\n<figure class=\"wp-block-gallery has-nested-images columns-2 is-cropped wp-block-gallery-1 is-layout-flex wp-block-gallery-is-layout-flex\">\n<figure class=\"wp-block-image size-large\"><img loading=\"lazy\" decoding=\"async\" width=\"1024\" height=\"683\" data-id=\"1598\" src=\"https:\/\/www.ff-matzing.at\/wordpress\/wp-content\/uploads\/2024\/10\/Atemschutzsektoruebung-Fa-Hauer-7-1024x683.jpg\" alt=\"\" class=\"wp-image-1598\" srcset=\"https:\/\/www.ff-matzing.at\/wordpress\/wp-content\/uploads\/2024\/10\/Atemschutzsektoruebung-Fa-Hauer-7-1024x683.jpg 1024w, https:\/\/www.ff-matzing.at\/wordpress\/wp-content\/uploads\/2024\/10\/Atemschutzsektoruebung-Fa-Hauer-7-300x200.jpg 300w, https:\/\/www.ff-matzing.at\/wordpress\/wp-content\/uploads\/2024\/10\/Atemschutzsektoruebung-Fa-Hauer-7-768x512.jpg 768w, https:\/\/www.ff-matzing.at\/wordpress\/wp-content\/uploads\/2024\/10\/Atemschutzsektoruebung-Fa-Hauer-7-1536x1025.jpg 1536w, https:\/\/www.ff-matzing.at\/wordpress\/wp-content\/uploads\/2024\/10\/Atemschutzsektoruebung-Fa-Hauer-7-2048x1367.jpg 2048w, https:\/\/www.ff-matzing.at\/wordpress\/wp-content\/uploads\/2024\/10\/Atemschutzsektoruebung-Fa-Hauer-7-272x182.jpg 272w\" sizes=\"(max-width: 1024px) 100vw, 1024px\" \/><\/figure>\n\n\n\n<figure class=\"wp-block-image size-large\"><img loading=\"lazy\" decoding=\"async\" width=\"1024\" height=\"683\" data-id=\"1593\" src=\"https:\/\/www.ff-matzing.at\/wordpress\/wp-content\/uploads\/2024\/10\/Atemschutzsektoruebung-Fa-Hauer-4-1024x683.jpg\" alt=\"\" class=\"wp-image-1593\" srcset=\"https:\/\/www.ff-matzing.at\/wordpress\/wp-content\/uploads\/2024\/10\/Atemschutzsektoruebung-Fa-Hauer-4-1024x683.jpg 1024w, https:\/\/www.ff-matzing.at\/wordpress\/wp-content\/uploads\/2024\/10\/Atemschutzsektoruebung-Fa-Hauer-4-300x200.jpg 300w, https:\/\/www.ff-matzing.at\/wordpress\/wp-content\/uploads\/2024\/10\/Atemschutzsektoruebung-Fa-Hauer-4-768x512.jpg 768w, https:\/\/www.ff-matzing.at\/wordpress\/wp-content\/uploads\/2024\/10\/Atemschutzsektoruebung-Fa-Hauer-4-1536x1025.jpg 1536w, https:\/\/www.ff-matzing.at\/wordpress\/wp-content\/uploads\/2024\/10\/Atemschutzsektoruebung-Fa-Hauer-4-2048x1367.jpg 2048w, https:\/\/www.ff-matzing.at\/wordpress\/wp-content\/uploads\/2024\/10\/Atemschutzsektoruebung-Fa-Hauer-4-272x182.jpg 272w\" sizes=\"(max-width: 1024px) 100vw, 1024px\" \/><\/figure>\n\n\n\n<figure class=\"wp-block-image size-large\"><img loading=\"lazy\" decoding=\"async\" width=\"1024\" height=\"683\" data-id=\"1600\" src=\"https:\/\/www.ff-matzing.at\/wordpress\/wp-content\/uploads\/2024\/10\/Atemschutzsektoruebung-Fa-Hauer-11-1024x683.jpg\" alt=\"\" class=\"wp-image-1600\" srcset=\"https:\/\/www.ff-matzing.at\/wordpress\/wp-content\/uploads\/2024\/10\/Atemschutzsektoruebung-Fa-Hauer-11-1024x683.jpg 1024w, https:\/\/www.ff-matzing.at\/wordpress\/wp-content\/uploads\/2024\/10\/Atemschutzsektoruebung-Fa-Hauer-11-300x200.jpg 300w, https:\/\/www.ff-matzing.at\/wordpress\/wp-content\/uploads\/2024\/10\/Atemschutzsektoruebung-Fa-Hauer-11-768x512.jpg 768w, https:\/\/www.ff-matzing.at\/wordpress\/wp-content\/uploads\/2024\/10\/Atemschutzsektoruebung-Fa-Hauer-11-1536x1025.jpg 1536w, https:\/\/www.ff-matzing.at\/wordpress\/wp-content\/uploads\/2024\/10\/Atemschutzsektoruebung-Fa-Hauer-11-2048x1367.jpg 2048w, https:\/\/www.ff-matzing.at\/wordpress\/wp-content\/uploads\/2024\/10\/Atemschutzsektoruebung-Fa-Hauer-11-272x182.jpg 272w\" sizes=\"(max-width: 1024px) 100vw, 1024px\" \/><\/figure>\n\n\n\n<figure class=\"wp-block-image size-large\"><img loading=\"lazy\" decoding=\"async\" width=\"1024\" height=\"683\" data-id=\"1594\" src=\"https:\/\/www.ff-matzing.at\/wordpress\/wp-content\/uploads\/2024\/10\/Atemschutzsektoruebung-Fa-Hauer-5-1024x683.jpg\" alt=\"\" class=\"wp-image-1594\" srcset=\"https:\/\/www.ff-matzing.at\/wordpress\/wp-content\/uploads\/2024\/10\/Atemschutzsektoruebung-Fa-Hauer-5-1024x683.jpg 1024w, https:\/\/www.ff-matzing.at\/wordpress\/wp-content\/uploads\/2024\/10\/Atemschutzsektoruebung-Fa-Hauer-5-300x200.jpg 300w, https:\/\/www.ff-matzing.at\/wordpress\/wp-content\/uploads\/2024\/10\/Atemschutzsektoruebung-Fa-Hauer-5-768x512.jpg 768w, https:\/\/www.ff-matzing.at\/wordpress\/wp-content\/uploads\/2024\/10\/Atemschutzsektoruebung-Fa-Hauer-5-1536x1025.jpg 1536w, https:\/\/www.ff-matzing.at\/wordpress\/wp-content\/uploads\/2024\/10\/Atemschutzsektoruebung-Fa-Hauer-5-2048x1367.jpg 2048w, https:\/\/www.ff-matzing.at\/wordpress\/wp-content\/uploads\/2024\/10\/Atemschutzsektoruebung-Fa-Hauer-5-272x182.jpg 272w\" sizes=\"(max-width: 1024px) 100vw, 1024px\" \/><\/figure>\n\n\n\n<figure class=\"wp-block-image size-large\"><img loading=\"lazy\" decoding=\"async\" width=\"1024\" height=\"683\" data-id=\"1601\" src=\"https:\/\/www.ff-matzing.at\/wordpress\/wp-content\/uploads\/2024\/10\/Atemschutzsektoruebung-Fa-Hauer-10-1024x683.jpg\" alt=\"\" class=\"wp-image-1601\" srcset=\"https:\/\/www.ff-matzing.at\/wordpress\/wp-content\/uploads\/2024\/10\/Atemschutzsektoruebung-Fa-Hauer-10-1024x683.jpg 1024w, https:\/\/www.ff-matzing.at\/wordpress\/wp-content\/uploads\/2024\/10\/Atemschutzsektoruebung-Fa-Hauer-10-300x200.jpg 300w, https:\/\/www.ff-matzing.at\/wordpress\/wp-content\/uploads\/2024\/10\/Atemschutzsektoruebung-Fa-Hauer-10-768x512.jpg 768w, https:\/\/www.ff-matzing.at\/wordpress\/wp-content\/uploads\/2024\/10\/Atemschutzsektoruebung-Fa-Hauer-10-1536x1025.jpg 1536w, https:\/\/www.ff-matzing.at\/wordpress\/wp-content\/uploads\/2024\/10\/Atemschutzsektoruebung-Fa-Hauer-10-2048x1367.jpg 2048w, https:\/\/www.ff-matzing.at\/wordpress\/wp-content\/uploads\/2024\/10\/Atemschutzsektoruebung-Fa-Hauer-10-272x182.jpg 272w\" sizes=\"(max-width: 1024px) 100vw, 1024px\" \/><\/figure>\n\n\n\n<figure class=\"wp-block-image size-large\"><img loading=\"lazy\" decoding=\"async\" width=\"1024\" height=\"683\" data-id=\"1597\" src=\"https:\/\/www.ff-matzing.at\/wordpress\/wp-content\/uploads\/2024\/10\/Atemschutzsektoruebung-Fa-Hauer-6-1024x683.jpg\" alt=\"\" class=\"wp-image-1597\" srcset=\"https:\/\/www.ff-matzing.at\/wordpress\/wp-content\/uploads\/2024\/10\/Atemschutzsektoruebung-Fa-Hauer-6-1024x683.jpg 1024w, https:\/\/www.ff-matzing.at\/wordpress\/wp-content\/uploads\/2024\/10\/Atemschutzsektoruebung-Fa-Hauer-6-300x200.jpg 300w, https:\/\/www.ff-matzing.at\/wordpress\/wp-content\/uploads\/2024\/10\/Atemschutzsektoruebung-Fa-Hauer-6-768x512.jpg 768w, https:\/\/www.ff-matzing.at\/wordpress\/wp-content\/uploads\/2024\/10\/Atemschutzsektoruebung-Fa-Hauer-6-1536x1025.jpg 1536w, https:\/\/www.ff-matzing.at\/wordpress\/wp-content\/uploads\/2024\/10\/Atemschutzsektoruebung-Fa-Hauer-6-2048x1367.jpg 2048w, https:\/\/www.ff-matzing.at\/wordpress\/wp-content\/uploads\/2024\/10\/Atemschutzsektoruebung-Fa-Hauer-6-272x182.jpg 272w\" sizes=\"(max-width: 1024px) 100vw, 1024px\" \/><\/figure>\n\n\n\n<figure class=\"wp-block-image size-large\"><img loading=\"lazy\" decoding=\"async\" width=\"1024\" height=\"683\" data-id=\"1590\" src=\"https:\/\/www.ff-matzing.at\/wordpress\/wp-content\/uploads\/2024\/10\/Atemschutzsektoruebung-Fa-Hauer-8-1024x683.jpg\" alt=\"\" class=\"wp-image-1590\" srcset=\"https:\/\/www.ff-matzing.at\/wordpress\/wp-content\/uploads\/2024\/10\/Atemschutzsektoruebung-Fa-Hauer-8-1024x683.jpg 1024w, https:\/\/www.ff-matzing.at\/wordpress\/wp-content\/uploads\/2024\/10\/Atemschutzsektoruebung-Fa-Hauer-8-300x200.jpg 300w, https:\/\/www.ff-matzing.at\/wordpress\/wp-content\/uploads\/2024\/10\/Atemschutzsektoruebung-Fa-Hauer-8-768x512.jpg 768w, https:\/\/www.ff-matzing.at\/wordpress\/wp-content\/uploads\/2024\/10\/Atemschutzsektoruebung-Fa-Hauer-8-1536x1025.jpg 1536w, https:\/\/www.ff-matzing.at\/wordpress\/wp-content\/uploads\/2024\/10\/Atemschutzsektoruebung-Fa-Hauer-8-2048x1367.jpg 2048w, https:\/\/www.ff-matzing.at\/wordpress\/wp-content\/uploads\/2024\/10\/Atemschutzsektoruebung-Fa-Hauer-8-272x182.jpg 272w\" sizes=\"(max-width: 1024px) 100vw, 1024px\" \/><\/figure>\n\n\n\n<figure class=\"wp-block-image size-large\"><img loading=\"lazy\" decoding=\"async\" width=\"1024\" height=\"683\" data-id=\"1602\" src=\"https:\/\/www.ff-matzing.at\/wordpress\/wp-content\/uploads\/2024\/10\/Atemschutzsektoruebung-Fa-Hauer-12-1024x683.jpg\" alt=\"\" class=\"wp-image-1602\" srcset=\"https:\/\/www.ff-matzing.at\/wordpress\/wp-content\/uploads\/2024\/10\/Atemschutzsektoruebung-Fa-Hauer-12-1024x683.jpg 1024w, https:\/\/www.ff-matzing.at\/wordpress\/wp-content\/uploads\/2024\/10\/Atemschutzsektoruebung-Fa-Hauer-12-300x200.jpg 300w, https:\/\/www.ff-matzing.at\/wordpress\/wp-content\/uploads\/2024\/10\/Atemschutzsektoruebung-Fa-Hauer-12-768x512.jpg 768w, https:\/\/www.ff-matzing.at\/wordpress\/wp-content\/uploads\/2024\/10\/Atemschutzsektoruebung-Fa-Hauer-12-1536x1025.jpg 1536w, https:\/\/www.ff-matzing.at\/wordpress\/wp-content\/uploads\/2024\/10\/Atemschutzsektoruebung-Fa-Hauer-12-2048x1367.jpg 2048w, https:\/\/www.ff-matzing.at\/wordpress\/wp-content\/uploads\/2024\/10\/Atemschutzsektoruebung-Fa-Hauer-12-272x182.jpg 272w\" sizes=\"(max-width: 1024px) 100vw, 1024px\" \/><\/figure>\n\n\n\n<figure class=\"wp-block-image size-large\"><img loading=\"lazy\" decoding=\"async\" width=\"1024\" height=\"683\" data-id=\"1599\" src=\"https:\/\/www.ff-matzing.at\/wordpress\/wp-content\/uploads\/2024\/10\/Atemschutzsektoruebung-Fa-Hauer-9-1-1024x683.jpg\" alt=\"\" class=\"wp-image-1599\" srcset=\"https:\/\/www.ff-matzing.at\/wordpress\/wp-content\/uploads\/2024\/10\/Atemschutzsektoruebung-Fa-Hauer-9-1-1024x683.jpg 1024w, https:\/\/www.ff-matzing.at\/wordpress\/wp-content\/uploads\/2024\/10\/Atemschutzsektoruebung-Fa-Hauer-9-1-300x200.jpg 300w, https:\/\/www.ff-matzing.at\/wordpress\/wp-content\/uploads\/2024\/10\/Atemschutzsektoruebung-Fa-Hauer-9-1-768x512.jpg 768w, https:\/\/www.ff-matzing.at\/wordpress\/wp-content\/uploads\/2024\/10\/Atemschutzsektoruebung-Fa-Hauer-9-1-1536x1025.jpg 1536w, https:\/\/www.ff-matzing.at\/wordpress\/wp-content\/uploads\/2024\/10\/Atemschutzsektoruebung-Fa-Hauer-9-1-2048x1367.jpg 2048w, https:\/\/www.ff-matzing.at\/wordpress\/wp-content\/uploads\/2024\/10\/Atemschutzsektoruebung-Fa-Hauer-9-1-272x182.jpg 272w\" sizes=\"(max-width: 1024px) 100vw, 1024px\" \/><\/figure>\n\n\n\n<figure class=\"wp-block-image size-large\"><img loading=\"lazy\" decoding=\"async\" width=\"1024\" height=\"683\" data-id=\"1592\" src=\"https:\/\/www.ff-matzing.at\/wordpress\/wp-content\/uploads\/2024\/10\/Atemschutzsektoruebung-Fa-Hauer-1-1024x683.jpg\" alt=\"\" class=\"wp-image-1592\" srcset=\"https:\/\/www.ff-matzing.at\/wordpress\/wp-content\/uploads\/2024\/10\/Atemschutzsektoruebung-Fa-Hauer-1-1024x683.jpg 1024w, https:\/\/www.ff-matzing.at\/wordpress\/wp-content\/uploads\/2024\/10\/Atemschutzsektoruebung-Fa-Hauer-1-300x200.jpg 300w, https:\/\/www.ff-matzing.at\/wordpress\/wp-content\/uploads\/2024\/10\/Atemschutzsektoruebung-Fa-Hauer-1-768x512.jpg 768w, https:\/\/www.ff-matzing.at\/wordpress\/wp-content\/uploads\/2024\/10\/Atemschutzsektoruebung-Fa-Hauer-1-1536x1025.jpg 1536w, https:\/\/www.ff-matzing.at\/wordpress\/wp-content\/uploads\/2024\/10\/Atemschutzsektoruebung-Fa-Hauer-1-2048x1367.jpg 2048w, https:\/\/www.ff-matzing.at\/wordpress\/wp-content\/uploads\/2024\/10\/Atemschutzsektoruebung-Fa-Hauer-1-272x182.jpg 272w\" sizes=\"(max-width: 1024px) 100vw, 1024px\" \/><\/figure>\n\n\n\n<figure class=\"wp-block-image size-large\"><img loading=\"lazy\" decoding=\"async\" width=\"1024\" height=\"683\" data-id=\"1591\" src=\"https:\/\/www.ff-matzing.at\/wordpress\/wp-content\/uploads\/2024\/10\/Atemschutzsektoruebung-Fa-Hauer-2-1024x683.jpg\" alt=\"\" class=\"wp-image-1591\" srcset=\"https:\/\/www.ff-matzing.at\/wordpress\/wp-content\/uploads\/2024\/10\/Atemschutzsektoruebung-Fa-Hauer-2-1024x683.jpg 1024w, https:\/\/www.ff-matzing.at\/wordpress\/wp-content\/uploads\/2024\/10\/Atemschutzsektoruebung-Fa-Hauer-2-300x200.jpg 300w, https:\/\/www.ff-matzing.at\/wordpress\/wp-content\/uploads\/2024\/10\/Atemschutzsektoruebung-Fa-Hauer-2-768x512.jpg 768w, https:\/\/www.ff-matzing.at\/wordpress\/wp-content\/uploads\/2024\/10\/Atemschutzsektoruebung-Fa-Hauer-2-1536x1025.jpg 1536w, https:\/\/www.ff-matzing.at\/wordpress\/wp-content\/uploads\/2024\/10\/Atemschutzsektoruebung-Fa-Hauer-2-2048x1367.jpg 2048w, https:\/\/www.ff-matzing.at\/wordpress\/wp-content\/uploads\/2024\/10\/Atemschutzsektoruebung-Fa-Hauer-2-272x182.jpg 272w\" sizes=\"(max-width: 1024px) 100vw, 1024px\" \/><\/figure>\n\n\n\n<figure class=\"wp-block-image size-large\"><img loading=\"lazy\" decoding=\"async\" width=\"1024\" height=\"683\" data-id=\"1595\" src=\"https:\/\/www.ff-matzing.at\/wordpress\/wp-content\/uploads\/2024\/10\/Atemschutzsektoruebung-Fa-Hauer-3-1024x683.jpg\" alt=\"\" class=\"wp-image-1595\" srcset=\"https:\/\/www.ff-matzing.at\/wordpress\/wp-content\/uploads\/2024\/10\/Atemschutzsektoruebung-Fa-Hauer-3-1024x683.jpg 1024w, https:\/\/www.ff-matzing.at\/wordpress\/wp-content\/uploads\/2024\/10\/Atemschutzsektoruebung-Fa-Hauer-3-300x200.jpg 300w, https:\/\/www.ff-matzing.at\/wordpress\/wp-content\/uploads\/2024\/10\/Atemschutzsektoruebung-Fa-Hauer-3-768x512.jpg 768w, https:\/\/www.ff-matzing.at\/wordpress\/wp-content\/uploads\/2024\/10\/Atemschutzsektoruebung-Fa-Hauer-3-1536x1025.jpg 1536w, https:\/\/www.ff-matzing.at\/wordpress\/wp-content\/uploads\/2024\/10\/Atemschutzsektoruebung-Fa-Hauer-3-2048x1367.jpg 2048w, https:\/\/www.ff-matzing.at\/wordpress\/wp-content\/uploads\/2024\/10\/Atemschutzsektoruebung-Fa-Hauer-3-272x182.jpg 272w\" sizes=\"(max-width: 1024px) 100vw, 1024px\" \/><\/figure>\n<\/figure>\n","protected":false},"excerpt":{"rendered":"<p>Diesen Herbst durften wir die Sektor\u00fcbung des Fachbereichs Atemschutz austragen. Hierbei bilden die Feuerwehren Enzenkirchen, St. Willibald, Altschwendt, Raab, Steinbruck-Br\u00fcndl und Matzing einen Sektor f\u00fcr gemeinsame Ausbildungs- und \u00dcbungsschwerpunkte. Am 18. Oktober haben sich folglich 15 Trupps zur \u00dcbung am Firmengel\u00e4nde der Fa. Hauer eingefunden. Es wurden zwei Hallenabschnitte kr\u00e4ftig vernebelt, um realistische und erschwerte Bedingungen zu simulieren. Den Trupps wurden verschiedene Aufgaben gestellt: Brandbek\u00e4mpfung, Personenrettung und Bergung von Gefahrstoffen. Die Szenarien wurden unter Beobachtung von Abschnitts-Fachbeauftragtem Christian Kohlbauer und [&#8230;]<\/p>\n","protected":false},"author":1,"featured_media":0,"comment_status":"closed","ping_status":"closed","sticky":false,"template":"","format":"standard","meta":{"footnotes":""},"categories":[4],"tags":[],"_links":{"self":[{"href":"https:\/\/www.ff-matzing.at\/index.php?rest_route=\/wp\/v2\/posts\/1588"}],"collection":[{"href":"https:\/\/www.ff-matzing.at\/index.php?rest_route=\/wp\/v2\/posts"}],"about":[{"href":"https:\/\/www.ff-matzing.at\/index.php?rest_route=\/wp\/v2\/types\/post"}],"author":[{"embeddable":true,"href":"https:\/\/www.ff-matzing.at\/index.php?rest_route=\/wp\/v2\/users\/1"}],"replies":[{"embeddable":true,"href":"https:\/\/www.ff-matzing.at\/index.php?rest_route=%2Fwp%2Fv2%2Fcomments&post=1588"}],"version-history":[{"count":2,"href":"https:\/\/www.ff-matzing.at\/index.php?rest_route=\/wp\/v2\/posts\/1588\/revisions"}],"predecessor-version":[{"id":1603,"href":"https:\/\/www.ff-matzing.at\/index.php?rest_route=\/wp\/v2\/posts\/1588\/revisions\/1603"}],"wp:attachment":[{"href":"https:\/\/www.ff-matzing.at\/index.php?rest_route=%2Fwp%2Fv2%2Fmedia&parent=1588"}],"wp:term":[{"taxonomy":"category","embeddable":true,"href":"https:\/\/www.ff-matzing.at\/index.php?rest_route=%2Fwp%2Fv2%2Fcategories&post=1588"},{"taxonomy":"post_tag","embeddable":true,"href":"https:\/\/www.ff-matzing.at\/index.php?rest_route=%2Fwp%2Fv2%2Ftags&post=1588"}],"curies":[{"name":"wp","href":"https:\/\/api.w.org\/{rel}","templated":true}]}}