{"id":1672,"date":"2025-04-19T09:48:05","date_gmt":"2025-04-19T07:48:05","guid":{"rendered":"https:\/\/www.ff-matzing.at\/?p=1672"},"modified":"2025-04-23T15:17:13","modified_gmt":"2025-04-23T13:17:13","slug":"jahresbilanz-praesentiert-2","status":"publish","type":"post","link":"https:\/\/www.ff-matzing.at\/?p=1672","title":{"rendered":"Jahresbilanz f\u00fcr 2024 pr\u00e4sentiert"},"content":{"rendered":"\n<p>Am Samstag, den 5. April, pr\u00e4sentieren unsere Kommandomitglieder die T\u00e4tigkeiten des Jahres 2024. Im Rahmen der Vollversammlung wurden den Feuerwehrmitgliedern und den Ehreng\u00e4sten viele Zahlen, Daten und Fakten pr\u00e4sentiert. B\u00fcrgermeister Christian Gmundner, Abschnittskommandant Brandrat Norbert Haidinger und Bezirkskommandant Landesfeuerwehrrat Johannes Veroner wurden bei diesem R\u00fcckblick neben zahlreichen Fotos auch interessante Videos zu den T\u00e4tigkeiten gezeigt. Eine Zusammenfassung \u00fcber das Jahr ist im Jahresbericht 2024 zu sehen.<\/p>\n\n\n\n<div data-wp-interactive=\"core\/file\" class=\"wp-block-file\"><object data-wp-bind--hidden=\"!state.hasPdfPreview\"  class=\"wp-block-file__embed\" data=\"https:\/\/www.ff-matzing.at\/wordpress\/wp-content\/uploads\/2025\/04\/2024-Jahresbericht.pdf\" type=\"application\/pdf\" style=\"width:100%;height:600px\" aria-label=\"Einbettung von 2024-Jahresbericht.\"><\/object><a id=\"wp-block-file--media-e54be969-177c-4e2b-af9c-ceaf142c1614\" href=\"https:\/\/www.ff-matzing.at\/wordpress\/wp-content\/uploads\/2025\/04\/2024-Jahresbericht.pdf\">2024-Jahresbericht<\/a><a href=\"https:\/\/www.ff-matzing.at\/wordpress\/wp-content\/uploads\/2025\/04\/2024-Jahresbericht.pdf\" class=\"wp-block-file__button wp-element-button\" download aria-describedby=\"wp-block-file--media-e54be969-177c-4e2b-af9c-ceaf142c1614\">Herunterladen<\/a><\/div>\n\n\n\n<p>Im Laufe des Jugendberichtes wurden 9 Jugendlichen die erworbenen Wissenstestabzeichen \u00fcberreicht.<\/p>\n\n\n\n<figure class=\"wp-block-image size-large\"><img loading=\"lazy\" decoding=\"async\" width=\"1024\" height=\"597\" src=\"https:\/\/www.ff-matzing.at\/wordpress\/wp-content\/uploads\/2025\/04\/Jugend_Wissenstest-1024x597.jpg\" alt=\"\" class=\"wp-image-1675\" srcset=\"https:\/\/www.ff-matzing.at\/wordpress\/wp-content\/uploads\/2025\/04\/Jugend_Wissenstest-1024x597.jpg 1024w, https:\/\/www.ff-matzing.at\/wordpress\/wp-content\/uploads\/2025\/04\/Jugend_Wissenstest-300x175.jpg 300w, https:\/\/www.ff-matzing.at\/wordpress\/wp-content\/uploads\/2025\/04\/Jugend_Wissenstest-768x448.jpg 768w, https:\/\/www.ff-matzing.at\/wordpress\/wp-content\/uploads\/2025\/04\/Jugend_Wissenstest-1536x896.jpg 1536w, https:\/\/www.ff-matzing.at\/wordpress\/wp-content\/uploads\/2025\/04\/Jugend_Wissenstest-2048x1195.jpg 2048w\" sizes=\"(max-width: 1024px) 100vw, 1024px\" \/><\/figure>\n\n\n\n<p>Zwei Mitglieder wurden in den Aktivstand angelobt: Michael Dorfer, Daniel H\u00f6pfler.<\/p>\n\n\n\n<figure class=\"wp-block-image size-large\"><img loading=\"lazy\" decoding=\"async\" width=\"1024\" height=\"881\" src=\"https:\/\/www.ff-matzing.at\/wordpress\/wp-content\/uploads\/2025\/04\/Angelobung-1024x881.jpg\" alt=\"\" class=\"wp-image-1677\" srcset=\"https:\/\/www.ff-matzing.at\/wordpress\/wp-content\/uploads\/2025\/04\/Angelobung-1024x881.jpg 1024w, https:\/\/www.ff-matzing.at\/wordpress\/wp-content\/uploads\/2025\/04\/Angelobung-300x258.jpg 300w, https:\/\/www.ff-matzing.at\/wordpress\/wp-content\/uploads\/2025\/04\/Angelobung-768x661.jpg 768w, https:\/\/www.ff-matzing.at\/wordpress\/wp-content\/uploads\/2025\/04\/Angelobung-1536x1322.jpg 1536w, https:\/\/www.ff-matzing.at\/wordpress\/wp-content\/uploads\/2025\/04\/Angelobung-2048x1762.jpg 2048w\" sizes=\"(max-width: 1024px) 100vw, 1024px\" \/><\/figure>\n\n\n\n<p>F\u00fcr sieben Mitglieder gab es eine Bef\u00f6rderung aufgrund ihrer Ausbildung oder Feuerwehrfunktion.<\/p>\n\n\n\n<figure class=\"wp-block-gallery has-nested-images columns-1 is-cropped wp-block-gallery-1 is-layout-flex wp-block-gallery-is-layout-flex\">\n<figure class=\"wp-block-image size-large\"><img loading=\"lazy\" decoding=\"async\" width=\"1024\" height=\"559\" data-id=\"1678\" src=\"https:\/\/www.ff-matzing.at\/wordpress\/wp-content\/uploads\/2025\/04\/Befoerderung-1-1024x559.jpg\" alt=\"\" class=\"wp-image-1678\" srcset=\"https:\/\/www.ff-matzing.at\/wordpress\/wp-content\/uploads\/2025\/04\/Befoerderung-1-1024x559.jpg 1024w, https:\/\/www.ff-matzing.at\/wordpress\/wp-content\/uploads\/2025\/04\/Befoerderung-1-300x164.jpg 300w, https:\/\/www.ff-matzing.at\/wordpress\/wp-content\/uploads\/2025\/04\/Befoerderung-1-768x419.jpg 768w, https:\/\/www.ff-matzing.at\/wordpress\/wp-content\/uploads\/2025\/04\/Befoerderung-1-1536x838.jpg 1536w, https:\/\/www.ff-matzing.at\/wordpress\/wp-content\/uploads\/2025\/04\/Befoerderung-1-2048x1118.jpg 2048w\" sizes=\"(max-width: 1024px) 100vw, 1024px\" \/><\/figure>\n\n\n\n<figure class=\"wp-block-image size-large\"><img loading=\"lazy\" decoding=\"async\" width=\"1024\" height=\"505\" data-id=\"1679\" src=\"https:\/\/www.ff-matzing.at\/wordpress\/wp-content\/uploads\/2025\/04\/Befoerderung-2-1024x505.jpg\" alt=\"\" class=\"wp-image-1679\" srcset=\"https:\/\/www.ff-matzing.at\/wordpress\/wp-content\/uploads\/2025\/04\/Befoerderung-2-1024x505.jpg 1024w, https:\/\/www.ff-matzing.at\/wordpress\/wp-content\/uploads\/2025\/04\/Befoerderung-2-300x148.jpg 300w, https:\/\/www.ff-matzing.at\/wordpress\/wp-content\/uploads\/2025\/04\/Befoerderung-2-768x379.jpg 768w, https:\/\/www.ff-matzing.at\/wordpress\/wp-content\/uploads\/2025\/04\/Befoerderung-2-1536x757.jpg 1536w, https:\/\/www.ff-matzing.at\/wordpress\/wp-content\/uploads\/2025\/04\/Befoerderung-2-2048x1010.jpg 2048w\" sizes=\"(max-width: 1024px) 100vw, 1024px\" \/><\/figure>\n<\/figure>\n\n\n\n<p>Drei Mitglieder wurden wegen ihrer langj\u00e4hrigen Feuerwehrzugeh\u00f6rigkeit geehrt. F\u00fcr 40 Jahre: Hubert Scheuringer, Thomas Soldan; f\u00fcr 50 Jahre: Franz Grillneder<\/p>\n\n\n\n<figure class=\"wp-block-image size-large\"><img loading=\"lazy\" decoding=\"async\" width=\"1024\" height=\"525\" src=\"https:\/\/www.ff-matzing.at\/wordpress\/wp-content\/uploads\/2025\/04\/Auszeichnung-Zugehoerigkeit-1024x525.jpg\" alt=\"\" class=\"wp-image-1681\" srcset=\"https:\/\/www.ff-matzing.at\/wordpress\/wp-content\/uploads\/2025\/04\/Auszeichnung-Zugehoerigkeit-1024x525.jpg 1024w, https:\/\/www.ff-matzing.at\/wordpress\/wp-content\/uploads\/2025\/04\/Auszeichnung-Zugehoerigkeit-300x154.jpg 300w, https:\/\/www.ff-matzing.at\/wordpress\/wp-content\/uploads\/2025\/04\/Auszeichnung-Zugehoerigkeit-768x394.jpg 768w, https:\/\/www.ff-matzing.at\/wordpress\/wp-content\/uploads\/2025\/04\/Auszeichnung-Zugehoerigkeit-1536x788.jpg 1536w, https:\/\/www.ff-matzing.at\/wordpress\/wp-content\/uploads\/2025\/04\/Auszeichnung-Zugehoerigkeit-2048x1050.jpg 2048w\" sizes=\"(max-width: 1024px) 100vw, 1024px\" \/><\/figure>\n\n\n\n<p>F\u00fcr besondere Leistungen im Feuerwehrdienst gab es Verdienstmedaillen. Bezirksverdienstmedaille Silber: Robert Fehlhofer; Florianmedaille O\u00d6 Bronze: Gottfried Achleitner, Thomas Gr\u00fcneis, Markus Hager, Harald Reidinger<\/p>\n\n\n\n<figure class=\"wp-block-gallery has-nested-images columns-default is-cropped wp-block-gallery-2 is-layout-flex wp-block-gallery-is-layout-flex\">\n<figure class=\"wp-block-image size-large\"><img loading=\"lazy\" decoding=\"async\" width=\"1024\" height=\"873\" data-id=\"1684\" src=\"https:\/\/www.ff-matzing.at\/wordpress\/wp-content\/uploads\/2025\/04\/Auszeichnung-Hager-1024x873.jpg\" alt=\"\" class=\"wp-image-1684\" srcset=\"https:\/\/www.ff-matzing.at\/wordpress\/wp-content\/uploads\/2025\/04\/Auszeichnung-Hager-1024x873.jpg 1024w, https:\/\/www.ff-matzing.at\/wordpress\/wp-content\/uploads\/2025\/04\/Auszeichnung-Hager-300x256.jpg 300w, https:\/\/www.ff-matzing.at\/wordpress\/wp-content\/uploads\/2025\/04\/Auszeichnung-Hager-768x655.jpg 768w, https:\/\/www.ff-matzing.at\/wordpress\/wp-content\/uploads\/2025\/04\/Auszeichnung-Hager-1536x1310.jpg 1536w, https:\/\/www.ff-matzing.at\/wordpress\/wp-content\/uploads\/2025\/04\/Auszeichnung-Hager-2048x1747.jpg 2048w\" sizes=\"(max-width: 1024px) 100vw, 1024px\" \/><\/figure>\n\n\n\n<figure class=\"wp-block-image size-large\"><img loading=\"lazy\" decoding=\"async\" width=\"1024\" height=\"492\" data-id=\"1683\" src=\"https:\/\/www.ff-matzing.at\/wordpress\/wp-content\/uploads\/2025\/04\/Auszeichnung-Leistungen-1024x492.jpg\" alt=\"\" class=\"wp-image-1683\" srcset=\"https:\/\/www.ff-matzing.at\/wordpress\/wp-content\/uploads\/2025\/04\/Auszeichnung-Leistungen-1024x492.jpg 1024w, https:\/\/www.ff-matzing.at\/wordpress\/wp-content\/uploads\/2025\/04\/Auszeichnung-Leistungen-300x144.jpg 300w, https:\/\/www.ff-matzing.at\/wordpress\/wp-content\/uploads\/2025\/04\/Auszeichnung-Leistungen-768x369.jpg 768w, https:\/\/www.ff-matzing.at\/wordpress\/wp-content\/uploads\/2025\/04\/Auszeichnung-Leistungen-1536x737.jpg 1536w, https:\/\/www.ff-matzing.at\/wordpress\/wp-content\/uploads\/2025\/04\/Auszeichnung-Leistungen-2048x983.jpg 2048w, https:\/\/www.ff-matzing.at\/wordpress\/wp-content\/uploads\/2025\/04\/Auszeichnung-Leistungen-460x220.jpg 460w\" sizes=\"(max-width: 1024px) 100vw, 1024px\" \/><\/figure>\n<\/figure>\n\n\n\n<p>Zum Abschluss gab es noch die Ansprachen unseres Kommandanten und der Ehreng\u00e4ste.<\/p>\n\n\n\n<figure class=\"wp-block-image size-large\"><img loading=\"lazy\" decoding=\"async\" width=\"1024\" height=\"500\" src=\"https:\/\/www.ff-matzing.at\/wordpress\/wp-content\/uploads\/2025\/04\/Ansprache-BFK-1024x500.jpg\" alt=\"\" class=\"wp-image-1686\" srcset=\"https:\/\/www.ff-matzing.at\/wordpress\/wp-content\/uploads\/2025\/04\/Ansprache-BFK-1024x500.jpg 1024w, https:\/\/www.ff-matzing.at\/wordpress\/wp-content\/uploads\/2025\/04\/Ansprache-BFK-300x146.jpg 300w, https:\/\/www.ff-matzing.at\/wordpress\/wp-content\/uploads\/2025\/04\/Ansprache-BFK-768x375.jpg 768w, https:\/\/www.ff-matzing.at\/wordpress\/wp-content\/uploads\/2025\/04\/Ansprache-BFK-1536x750.jpg 1536w, https:\/\/www.ff-matzing.at\/wordpress\/wp-content\/uploads\/2025\/04\/Ansprache-BFK-2048x999.jpg 2048w\" sizes=\"(max-width: 1024px) 100vw, 1024px\" \/><\/figure>\n","protected":false},"excerpt":{"rendered":"<p>Am Samstag, den 5. April, pr\u00e4sentieren unsere Kommandomitglieder die T\u00e4tigkeiten des Jahres 2024. Im Rahmen der Vollversammlung wurden den Feuerwehrmitgliedern und den Ehreng\u00e4sten viele Zahlen, Daten und Fakten pr\u00e4sentiert. B\u00fcrgermeister Christian Gmundner, Abschnittskommandant Brandrat Norbert Haidinger und Bezirkskommandant Landesfeuerwehrrat Johannes Veroner wurden bei diesem R\u00fcckblick neben zahlreichen Fotos auch interessante Videos zu den T\u00e4tigkeiten gezeigt. Eine Zusammenfassung \u00fcber das Jahr ist im Jahresbericht 2024 zu sehen. Im Laufe des Jugendberichtes wurden 9 Jugendlichen die erworbenen Wissenstestabzeichen \u00fcberreicht. Zwei Mitglieder wurden [&#8230;]<\/p>\n","protected":false},"author":1,"featured_media":0,"comment_status":"closed","ping_status":"closed","sticky":false,"template":"","format":"standard","meta":{"footnotes":""},"categories":[4],"tags":[],"_links":{"self":[{"href":"https:\/\/www.ff-matzing.at\/index.php?rest_route=\/wp\/v2\/posts\/1672"}],"collection":[{"href":"https:\/\/www.ff-matzing.at\/index.php?rest_route=\/wp\/v2\/posts"}],"about":[{"href":"https:\/\/www.ff-matzing.at\/index.php?rest_route=\/wp\/v2\/types\/post"}],"author":[{"embeddable":true,"href":"https:\/\/www.ff-matzing.at\/index.php?rest_route=\/wp\/v2\/users\/1"}],"replies":[{"embeddable":true,"href":"https:\/\/www.ff-matzing.at\/index.php?rest_route=%2Fwp%2Fv2%2Fcomments&post=1672"}],"version-history":[{"count":11,"href":"https:\/\/www.ff-matzing.at\/index.php?rest_route=\/wp\/v2\/posts\/1672\/revisions"}],"predecessor-version":[{"id":1693,"href":"https:\/\/www.ff-matzing.at\/index.php?rest_route=\/wp\/v2\/posts\/1672\/revisions\/1693"}],"wp:attachment":[{"href":"https:\/\/www.ff-matzing.at\/index.php?rest_route=%2Fwp%2Fv2%2Fmedia&parent=1672"}],"wp:term":[{"taxonomy":"category","embeddable":true,"href":"https:\/\/www.ff-matzing.at\/index.php?rest_route=%2Fwp%2Fv2%2Fcategories&post=1672"},{"taxonomy":"post_tag","embeddable":true,"href":"https:\/\/www.ff-matzing.at\/index.php?rest_route=%2Fwp%2Fv2%2Ftags&post=1672"}],"curies":[{"name":"wp","href":"https:\/\/api.w.org\/{rel}","templated":true}]}}